{"id":861,"date":"2019-05-09T13:29:56","date_gmt":"2019-05-09T13:29:56","guid":{"rendered":"http:\/\/www.galerie-am-dom-news.de\/?p=861"},"modified":"2019-05-09T15:34:25","modified_gmt":"2019-05-09T15:34:25","slug":"luciano-castelli-zur-nacht-der-galerien-2019","status":"publish","type":"post","link":"https:\/\/galerie-am-dom-news.de\/index.php\/luciano-castelli-zur-nacht-der-galerien-2019\/","title":{"rendered":"Luciano Castelli zur Nacht der Galerien 2019"},"content":{"rendered":"\n<p><strong>Vom 24. Mai bis 30. Juni 2019 wird an vier Orten in Wetzlars Altstadt das facettenreiche Werk des Schweizer K\u00fcnstlers Luciano Castelli gezeigt.<\/strong><\/p>\n\n\n\n<figure class=\"wp-block-image\"><img loading=\"lazy\" decoding=\"async\" width=\"600\" height=\"842\" src=\"https:\/\/galerie-am-dom-news.de\/wp-content\/uploads\/Castelli-Plakat-1.jpg\" alt=\"\" class=\"wp-image-870\" srcset=\"https:\/\/galerie-am-dom-news.de\/wp-content\/uploads\/Castelli-Plakat-1.jpg 600w, https:\/\/galerie-am-dom-news.de\/wp-content\/uploads\/Castelli-Plakat-1-214x300.jpg 214w\" sizes=\"auto, (max-width: 600px) 100vw, 600px\" \/><figcaption>Das Ausstellungsplakat zur gro\u00dfen Luciano Castelli-Ausstellung<br><br><\/figcaption><\/figure>\n\n\n\n<div class=\"wp-block-file\"><a href=\"https:\/\/galerie-am-dom-news.de\/wp-content\/uploads\/Flyer-Nacht-der-Galerien-2019.pdf\">Flyer Nacht der Galerien 2019<\/a><a href=\"https:\/\/galerie-am-dom-news.de\/wp-content\/uploads\/Flyer-Nacht-der-Galerien-2019.pdf\" class=\"wp-block-file__button\" download>Herunterladen<\/a><\/div>\n\n\n\n<p><strong>Die\nVernissage<\/strong>\nder Ausstellung findet am <strong>Freitag, 24. Mai 2019<\/strong>\nim Rahmen der Nacht der Galerien in Wetzlars Altstadt statt. Der\nK\u00fcnstler ist zur Er\u00f6ffnung anwesend!<\/p>\n\n\n\n<p>Am\nAbend der Nacht der Galerien sind alle vier Orte bereits ab 18 Uhr ge\u00f6ffnet!<\/p>\n\n\n\n<p><strong><a href=\"https:\/\/www.wetzlar.de\/events-calendar\/events\/mai_juni_castelli-ausstellung.php?sp_eventDateIndex=5\">19 Uhr \u2013 Fotografie und Film<br>\nStadtmuseum Wetzlar<\/a><\/strong><br>\nLottestra\u00dfe 8-10, 35578 Wetzlar<br>\nBegr\u00fc\u00dfung: Dr. Anja Eichler, Leiterin der St\u00e4dtischen Museen<br>\n\u00d6ffnungszeiten: Di-So und feiertags 10-17 Uhr<br>\n<a href=\"mailto:museum@wetzlar.de\">museum@wetzlar.de<\/a><br>\n06441-994131<\/p>\n\n\n\n<p><strong><a href=\"http:\/\/www.wetzlarer-kunstverein.de\/\">19.30\nUhr \u2013 Druckgrafik<br>\nGalerie des Wetzlarer Kunstvereins e.V. im Alten Rathaus<\/a><\/strong><br>\nHausergasse 17<br>\n35578 Wetzlar<br>\n\u00d6ffnungszeiten: Fr 16-18 Uhr, Sa 11-14.30 Uhr und So 13-16 Uhr<br>\nBegr\u00fc\u00dfung: Gert Heiland, 1. Vorsitzender des Wetzlarer Kunstvereins<br>\n<a href=\"mailto:vorstand@wetzlarer-kunstverein.de\">vorstand@wetzlarer-kunstverein.de<\/a><br>\nTel. 06441-381274<\/p>\n\n\n\n<p><strong><a href=\"https:\/\/www.galerie-am-dom.de\/kuenstler\/luciano-castelli\/\">Ab 20 Uhr \u2013 Malerei<br>\nGalerie am Dom und ARTHERB<\/a><\/strong><br>\nKr\u00e4merstra\u00dfe 1 + Schwarzadlergasse 4, 35578 Wetzlar<br>\nEr\u00f6ffnung 20.30 Uhr \u2013 Michael M. Marks im Gespr\u00e4ch mit Luciano Castelli<br>\n\u00d6ffnungszeiten: Di-Fr 13-18 Uhr und Sa 10-14 Uhr<\/p>\n\n\n\n<p>\u2026 und\nwie jedes Jahr gibt es wieder Cocktails von Hansam.<\/p>\n\n\n\n<ul class=\"wp-block-gallery columns-3 is-cropped wp-block-gallery-1 is-layout-flex wp-block-gallery-is-layout-flex\"><li class=\"blocks-gallery-item\"><figure><img loading=\"lazy\" decoding=\"async\" width=\"600\" height=\"891\" src=\"https:\/\/galerie-am-dom-news.de\/wp-content\/uploads\/Castelli_Alida.jpg\" alt=\"\" data-id=\"875\" data-link=\"https:\/\/galerie-am-dom-news.de\/index.php\/luciano-castelli-zur-nacht-der-galerien-2019\/castelli_alida\/\" class=\"wp-image-875\" srcset=\"https:\/\/galerie-am-dom-news.de\/wp-content\/uploads\/Castelli_Alida.jpg 600w, https:\/\/galerie-am-dom-news.de\/wp-content\/uploads\/Castelli_Alida-202x300.jpg 202w\" sizes=\"auto, (max-width: 600px) 100vw, 600px\" \/><\/figure><\/li><li class=\"blocks-gallery-item\"><figure><img loading=\"lazy\" decoding=\"async\" width=\"555\" height=\"1024\" src=\"https:\/\/galerie-am-dom-news.de\/wp-content\/uploads\/Castelli_From-White-to-White-555x1024.jpg\" alt=\"\" data-id=\"876\" data-link=\"https:\/\/galerie-am-dom-news.de\/index.php\/luciano-castelli-zur-nacht-der-galerien-2019\/castelli_from-white-to-white\/\" class=\"wp-image-876\" srcset=\"https:\/\/galerie-am-dom-news.de\/wp-content\/uploads\/Castelli_From-White-to-White-555x1024.jpg 555w, https:\/\/galerie-am-dom-news.de\/wp-content\/uploads\/Castelli_From-White-to-White-162x300.jpg 162w, https:\/\/galerie-am-dom-news.de\/wp-content\/uploads\/Castelli_From-White-to-White.jpg 600w\" sizes=\"auto, (max-width: 555px) 100vw, 555px\" \/><\/figure><\/li><li class=\"blocks-gallery-item\"><figure><img loading=\"lazy\" decoding=\"async\" width=\"600\" height=\"817\" src=\"https:\/\/galerie-am-dom-news.de\/wp-content\/uploads\/Castelli_Sacre-Coeur.jpg\" alt=\"\" data-id=\"877\" data-link=\"https:\/\/galerie-am-dom-news.de\/index.php\/luciano-castelli-zur-nacht-der-galerien-2019\/castelli_sacre-coeur\/\" class=\"wp-image-877\" srcset=\"https:\/\/galerie-am-dom-news.de\/wp-content\/uploads\/Castelli_Sacre-Coeur.jpg 600w, https:\/\/galerie-am-dom-news.de\/wp-content\/uploads\/Castelli_Sacre-Coeur-220x300.jpg 220w\" sizes=\"auto, (max-width: 600px) 100vw, 600px\" \/><\/figure><\/li><\/ul>\n\n\n\n<p>Abbildungen\nv.l.n.r. Luciano Castelli \u2013 Alida (Ausschnitt), Lithografie, 100 x 70 cm, 1990 \u2502From\nWhite to White, 2017, Goldene Schallplatte, Filmstill \u2502Sacre Coeur\n(Ausschnitt), Pigmentfarben auf Papier, 100 x 70 cm, 1994<\/p>\n\n\n\n<p>Der\nSchweizer K\u00fcnstler Luciano Castelli erlebte seinen k\u00fcnstlerischen Durchbruch\nbereits in den fr\u00fchen 1970er Jahren und nimmt als j\u00fcngster Teilnehmer an der\nDocumenta5 in Kassel teil. In den 1980er Jahren pr\u00e4gt er entscheidend die\nMalerei der <em>Neuen Wilden<\/em> in Berlin.\nEinerseits gilt er als einer der wichtigsten Vertreter dieser Stilrichtung,\nandererseits ist er einer der wenigen, denen es gelungen ist, diese Malerei zu\n\u00fcberwinden und aus ihr neue k\u00fcnstlerische Ans\u00e4tze zu entwickeln. Mit dem\nProjekt <em>From White to White<\/em> kehrt er\nan seine&nbsp; fr\u00fchere Wirkungsst\u00e4tte Berlin\nzur\u00fcck. Castelli arbeitet in unterschiedlichen Medien, die sich gegenseitig\nerg\u00e4nzen: Malerei, Fotografie, Film, Musik und Skulptur. Arbeitsschwerpunkt\nseines Werkes sind Selbstinszenierungen, in denen Eigenschaften, Emotionen und\nRollen gegenst\u00e4ndlich werden: <br>\nAuf der von ihm gew\u00e4hlten B\u00fchne ist er selbst Akteur und Subjekt zugleich.<br>\nMit seinen <em>Revolving Paintings<\/em>, die\ner w\u00e4hrend seiner Pariser Schaffensperiode nach 1989 entwickelte, erweitert\nCastelli einmal mehr die eng gesetzten Grenzen herk\u00f6mmlicher Malerei.\nInspiriert von der multikulturellen Komplexit\u00e4t der Metropole beabsichtigt\nCastelli ein Lesen des Bildes aus mehreren Blickwinkeln. Diese durch das Drehen\nder Gem\u00e4lde, ver\u00e4ndernden, multiplen Realit\u00e4ten und Herausforderungen an unsere\nheutige Gesellschaft wider.<\/p>\n\n\n\n<p>Gerade\nerst hat er international f\u00fcr Aufsehen gesorgt: Mit seinen Ausstellungen im\nnational Art Museum in Peking und im SPSI Museum in Shanghai hat er in der\nchinesischen Kunstszene Aufmerksamkeit erlangt. Und auch in der Schweiz konnte\ner Anfang 2017 mit seiner Ausstellung im Z\u00fcrcher Helmhaus Museum begeistern.\nNach seinem Gro\u00dfevent <em>From White to White<\/em>\nim Oktober im ehemaligen Berliner Kaufhaus Jandorf pr\u00e4sentieren wir zur Nacht\nder Galerien 2019 in Wetzlars Altstadt nun an vier verschiedenen Orten das\nOeuvre von Luciano Castelli.<\/p>\n\n\n\n<p><\/p>\n","protected":false},"excerpt":{"rendered":"<p>Vom 24. Mai bis 30. Juni 2019 wird an vier Orten in Wetzlars Altstadt das facettenreiche Werk des Schweizer K\u00fcnstlers Luciano Castelli gezeigt. Die Vernissage der Ausstellung findet am Freitag, 24. Mai 2019 im Rahmen der Nacht der Galerien in &hellip; <a href=\"https:\/\/galerie-am-dom-news.de\/index.php\/luciano-castelli-zur-nacht-der-galerien-2019\/\">Weiterlesen <span class=\"meta-nav\">&rarr;<\/span><\/a><\/p>\n","protected":false},"author":2,"featured_media":0,"comment_status":"closed","ping_status":"closed","sticky":false,"template":"","format":"standard","meta":{"footnotes":""},"categories":[1],"tags":[284,193,16,287,286,56,152,282,285,41,283,33,23],"class_list":["post-861","post","type-post","status-publish","format-standard","hentry","category-allgemein","tag-284","tag-artherb","tag-ausstellung","tag-film","tag-fotografie","tag-galerie-am-dom","tag-grafik","tag-luciano-castelli","tag-malerie","tag-nacht-der-galerien","tag-stadtmuseum-wetzlar","tag-wetzlar","tag-wetzlarer-kunstverein"],"_links":{"self":[{"href":"https:\/\/galerie-am-dom-news.de\/index.php\/wp-json\/wp\/v2\/posts\/861","targetHints":{"allow":["GET"]}}],"collection":[{"href":"https:\/\/galerie-am-dom-news.de\/index.php\/wp-json\/wp\/v2\/posts"}],"about":[{"href":"https:\/\/galerie-am-dom-news.de\/index.php\/wp-json\/wp\/v2\/types\/post"}],"author":[{"embeddable":true,"href":"https:\/\/galerie-am-dom-news.de\/index.php\/wp-json\/wp\/v2\/users\/2"}],"replies":[{"embeddable":true,"href":"https:\/\/galerie-am-dom-news.de\/index.php\/wp-json\/wp\/v2\/comments?post=861"}],"version-history":[{"count":7,"href":"https:\/\/galerie-am-dom-news.de\/index.php\/wp-json\/wp\/v2\/posts\/861\/revisions"}],"predecessor-version":[{"id":879,"href":"https:\/\/galerie-am-dom-news.de\/index.php\/wp-json\/wp\/v2\/posts\/861\/revisions\/879"}],"wp:attachment":[{"href":"https:\/\/galerie-am-dom-news.de\/index.php\/wp-json\/wp\/v2\/media?parent=861"}],"wp:term":[{"taxonomy":"category","embeddable":true,"href":"https:\/\/galerie-am-dom-news.de\/index.php\/wp-json\/wp\/v2\/categories?post=861"},{"taxonomy":"post_tag","embeddable":true,"href":"https:\/\/galerie-am-dom-news.de\/index.php\/wp-json\/wp\/v2\/tags?post=861"}],"curies":[{"name":"wp","href":"https:\/\/api.w.org\/{rel}","templated":true}]}}