{"id":787,"date":"2018-10-17T12:53:39","date_gmt":"2018-10-17T12:53:39","guid":{"rendered":"http:\/\/www.galerie-am-dom-news.de\/?p=787"},"modified":"2018-10-17T12:57:21","modified_gmt":"2018-10-17T12:57:21","slug":"hundertwasser-ausstellung-original-druckgrafik","status":"publish","type":"post","link":"https:\/\/galerie-am-dom-news.de\/index.php\/hundertwasser-ausstellung-original-druckgrafik\/","title":{"rendered":"Hundertwasser Ausstellung Original Druckgrafik"},"content":{"rendered":"<h3><strong>Ausstellung in der Stadtgalerie \u2013 Badehaus im Alten Kurpark<\/strong><\/h3>\n<p><strong><img loading=\"lazy\" decoding=\"async\" class=\"alignleft size-medium wp-image-789\" src=\"https:\/\/galerie-am-dom-news.de\/wp-content\/uploads\/Hundertwasser-Einladung-211x300.jpg\" alt=\"\" width=\"211\" height=\"300\" srcset=\"https:\/\/galerie-am-dom-news.de\/wp-content\/uploads\/Hundertwasser-Einladung-211x300.jpg 211w, https:\/\/galerie-am-dom-news.de\/wp-content\/uploads\/Hundertwasser-Einladung-768x1089.jpg 768w, https:\/\/galerie-am-dom-news.de\/wp-content\/uploads\/Hundertwasser-Einladung-722x1024.jpg 722w, https:\/\/galerie-am-dom-news.de\/wp-content\/uploads\/Hundertwasser-Einladung.jpg 1749w\" sizes=\"auto, (max-width: 211px) 100vw, 211px\" \/>3. Nov. &#8211; 25. Nov. 2018 \/\/ MI\u2009-\u2009SO 15\u2009-18 Uhr<\/strong><\/p>\n<p><strong>Friedensreich Hundertwasser<\/strong> (1928-2000) geh\u00f6rt zu den faszinierendsten K\u00fcnstlerpers\u00f6nlichkeiten des 20. Jahrhunderts. Sein Werk wurde schon zu Lebzeiten mit unz\u00e4hligen Museumsausstellungen weltweit gew\u00fcrdigt und z\u00e4hlt zu den spannendsten der Kunstgeschichte. Es liest und betrachtet sich wie ein M\u00e4rchen, bedient sich vieler Symbole und war stets dem Streben nach der Einheit von Kunst und Leben gewidmet. Diese grafische Pr\u00e4sentation ist eine Bereicherung f\u00fcr Bad Soden mit seinem Hundertwasser Architekturprojekt &#8222;In den Wiesen&#8220;.<\/p>\n<p>Die <strong>Ausstellung<\/strong> ist eine Kooperation des Kulturamtes der Stadt Bad Soden mit der Galerie am Dom Wetzlar.<\/p>\n<p>Die Arbeiten von Friedensreich Hundertwasser finden Sie unter <a href=\"https:\/\/www.galerie-am-dom.de\/kuenstler\/friedensreich-hundertwasser\/\">www.galerie-am-dom.de<\/a><a href=\"http:\/\/www.galerie-am-dom.de\/james-rizzi\/\">.<\/a><\/p>\n<p>Zur Ausstellung erscheint ein <strong>Katalog<\/strong>, den wir Ihnen gerne kostenlos zusenden. Einfach online anfordern unter <a href=\"mailto:info@galerie-am-dom.de\">info@galerie-am-dom.de<\/a> oder direkt hier einsehen:<br \/>\n<a href=\"https:\/\/galerie-am-dom-news.de\/wp-content\/uploads\/HW20SeitenKatalog-27_08_2018.pdf\">Hundertwasser Katalog 2018<\/a><\/p>\n<p><u><strong>Begleitprogramm:<\/strong><br \/>\n<\/u><strong>So, 11.11.18 um 15 Uhr<\/strong><br \/>\n<strong>Von der Grafik zur Architektur<\/strong><br \/>\n\u00d6ffentliche F\u00fchrung von der Ausstellung zum Hundertwasser-Haus<br \/>\nMit Stadtf\u00fchrer Richard Sippl<br \/>\nTreffpunkt in der Ausstellung<\/p>\n<p><strong>Sa, 24.11.2018 um 19.30 Uhr<\/strong><br \/>\n\u201eHundertwasser\u201c \u2013 dieses <strong>Performance Dinner<\/strong> interpretiert das Werk des Jahrhundertk\u00fcnstlers und nimmt Bezug auf architektonische Elemente sowie die \u00f6sterreichische Herkunft des K\u00fcnstlers.<br \/>\nDas Dinner ist nicht vegetarisch.<br \/>\nDie Teilnehmerzahl ist auf 18 Personen begrenzt.<br \/>\nDer Preis liegt bei \u20ac 80,\u2013 pro Person (inkl. aller Getr\u00e4nke).<br \/>\nAnmeldung unter info@rolfcooks.com<br \/>\nWeitere Infos: <a href=\"http:\/\/www.rolfcooks.com\/\">http:\/\/www.rolfcooks.com\/<\/a><\/p>\n<p><strong>Stadtgalerie im\u00a0 Badehaus im Alten Kurpark<br \/>\n<\/strong>K\u00f6nigsteiner Stra\u00dfe 86<br \/>\n65812 Bad Soden am Taunus<br \/>\nwww.bad-soden.de<strong><br \/>\n<\/strong>Infos zur Ausstellung: 0171.3854113 (M. Marks, Galerie am Dom)<strong><br \/>\n<\/strong><\/p>\n<p><strong>\u00d6ffnungszeiten:<\/strong> MI\u2009-\u2009SO 15\u2009-18 Uhr<br \/>\nMi., 21.11.18 (Bu\u00df- und Bettag) ge\u00f6ffnet.<\/p>\n<p>Parkm\u00f6glichkeit: K\u00f6nigsteiner Stra\u00dfe<br \/>\n(Parkhaus am Bahnhof\u00a0 ist leider geschlossen)<br \/>\nRMV-Haltestelle: Bahnhof (S3)<\/p>\n<p>Das PDF zur <strong>Einladung<\/strong> finden Sie hier:<br \/>\n<a href=\"https:\/\/galerie-am-dom-news.de\/wp-content\/uploads\/HW_Einladung_A5_Vorder-27_08_2018.pdf\">Hundertwasser Einladung Vorderseite<\/a><br \/>\n<a href=\"https:\/\/galerie-am-dom-news.de\/wp-content\/uploads\/HW_Einladung-_A5-R\u00fcck-27_08_2018.pdf\">Hundertwasser Einladung R\u00fcckseite<\/a><\/p>\n<p>&nbsp;<\/p>\n","protected":false},"excerpt":{"rendered":"<p>Ausstellung in der Stadtgalerie \u2013 Badehaus im Alten Kurpark 3. Nov. &#8211; 25. Nov. 2018 \/\/ MI\u2009-\u2009SO 15\u2009-18 Uhr Friedensreich Hundertwasser (1928-2000) geh\u00f6rt zu den faszinierendsten K\u00fcnstlerpers\u00f6nlichkeiten des 20. Jahrhunderts. Sein Werk wurde schon zu Lebzeiten mit unz\u00e4hligen Museumsausstellungen weltweit &hellip; <a href=\"https:\/\/galerie-am-dom-news.de\/index.php\/hundertwasser-ausstellung-original-druckgrafik\/\">Weiterlesen <span class=\"meta-nav\">&rarr;<\/span><\/a><\/p>\n","protected":false},"author":2,"featured_media":0,"comment_status":"closed","ping_status":"closed","sticky":false,"template":"","format":"standard","meta":{"footnotes":""},"categories":[1],"tags":[16,143,269,268],"class_list":["post-787","post","type-post","status-publish","format-standard","hentry","category-allgemein","tag-ausstellung","tag-ausstellung-der-galerie-am-dom","tag-bad-soden","tag-hundertwasser"],"_links":{"self":[{"href":"https:\/\/galerie-am-dom-news.de\/index.php\/wp-json\/wp\/v2\/posts\/787","targetHints":{"allow":["GET"]}}],"collection":[{"href":"https:\/\/galerie-am-dom-news.de\/index.php\/wp-json\/wp\/v2\/posts"}],"about":[{"href":"https:\/\/galerie-am-dom-news.de\/index.php\/wp-json\/wp\/v2\/types\/post"}],"author":[{"embeddable":true,"href":"https:\/\/galerie-am-dom-news.de\/index.php\/wp-json\/wp\/v2\/users\/2"}],"replies":[{"embeddable":true,"href":"https:\/\/galerie-am-dom-news.de\/index.php\/wp-json\/wp\/v2\/comments?post=787"}],"version-history":[{"count":3,"href":"https:\/\/galerie-am-dom-news.de\/index.php\/wp-json\/wp\/v2\/posts\/787\/revisions"}],"predecessor-version":[{"id":794,"href":"https:\/\/galerie-am-dom-news.de\/index.php\/wp-json\/wp\/v2\/posts\/787\/revisions\/794"}],"wp:attachment":[{"href":"https:\/\/galerie-am-dom-news.de\/index.php\/wp-json\/wp\/v2\/media?parent=787"}],"wp:term":[{"taxonomy":"category","embeddable":true,"href":"https:\/\/galerie-am-dom-news.de\/index.php\/wp-json\/wp\/v2\/categories?post=787"},{"taxonomy":"post_tag","embeddable":true,"href":"https:\/\/galerie-am-dom-news.de\/index.php\/wp-json\/wp\/v2\/tags?post=787"}],"curies":[{"name":"wp","href":"https:\/\/api.w.org\/{rel}","templated":true}]}}