{"id":541,"date":"2015-09-03T09:18:17","date_gmt":"2015-09-03T09:18:17","guid":{"rendered":"http:\/\/www.galerie-am-dom-news.de\/?p=541"},"modified":"2015-09-03T09:22:15","modified_gmt":"2015-09-03T09:22:15","slug":"persis-eisenbeis-und-christiane-erdmann-zu-kunst-in-licher-scheunen-2015","status":"publish","type":"post","link":"https:\/\/galerie-am-dom-news.de\/index.php\/persis-eisenbeis-und-christiane-erdmann-zu-kunst-in-licher-scheunen-2015\/","title":{"rendered":"Persis Eisenbeis und Christiane Erdmann zu Kunst in Licher Scheunen 2015"},"content":{"rendered":"<p><strong><a href=\"https:\/\/galerie-am-dom-news.de\/wp-content\/uploads\/Plakat_Lich_quadr_kl.jpg\"><img loading=\"lazy\" decoding=\"async\" class=\"alignleft size-medium wp-image-547\" src=\"https:\/\/galerie-am-dom-news.de\/wp-content\/uploads\/Plakat_Lich_quadr_kl-300x293.jpg\" alt=\"Plakat_Lich_quadr_kl\" width=\"300\" height=\"293\" srcset=\"https:\/\/galerie-am-dom-news.de\/wp-content\/uploads\/Plakat_Lich_quadr_kl-300x293.jpg 300w, https:\/\/galerie-am-dom-news.de\/wp-content\/uploads\/Plakat_Lich_quadr_kl.jpg 800w\" sizes=\"auto, (max-width: 300px) 100vw, 300px\" \/><\/a><a href=\"http:\/\/kunst-in-scheunen.de\/\" target=\"_blank\">Kunst in Licher Scheunen<\/a> &#8211; Besondere R\u00e4ume f\u00fcr besondere Kunst<\/strong><\/p>\n<p>Zwei Tage lang zeigen K\u00fcnstler und Galerien ihre Werke zum \u201eTag des offenen Denkmals\u201c an ungew\u00f6hnlichen Orten.<\/p>\n<p><strong>Samstag, 12. Sept. 2015, 11-20 Uhr<\/strong><br \/>\n<strong>Sonntag, 13. Sept. 2015, 11-18 Uhr<\/strong><\/p>\n<p>In diesem Jahr nutzt die <strong>Galerie am Dom<\/strong> die ehemalige Umschlaghalle Lich als Plattform f\u00fcr zwei neue K\u00fcnstlerinnen aus der Reihe <a href=\"http:\/\/www.artherb.de\" target=\"_blank\">ARTHERB<\/a>. Die Ausstellung VON MENSCHEN UND TIEREN pr\u00e4sentiert Gem\u00e4lde von <a href=\"http:\/\/www.artherb.de\/persis-eisenbeis\" target=\"_blank\">Persis Eisenbeis<\/a> und Holzskulpturen von <a href=\"http:\/\/www.artherb.de\/christiane-erdmann\" target=\"_blank\">Christiane Erdmann<\/a>.<\/p>\n<p>Das PDF zur Einladungskarte finden Sie hier: <a href=\"https:\/\/galerie-am-dom-news.de\/wp-content\/uploads\/Persis_Eisenbeis_und_Christiane_Erdmann_Kunst-in-Licher-Scheunen.pdf\">Persis_Eisenbeis_und_Christiane_Erdmann_Kunst-in-Licher-Scheunen<\/a><\/p>\n<p><strong>Ehemalige Umschlaghalle Lich<\/strong><br \/>\nBahnhofstra\u00dfe 8, 35423 Lich<br \/>\nTel.: 0160.97945396<br \/>\nwww.kunst-in-licher-scheunen.de<\/p>\n<p><strong>VON MENSCHEN UND TIEREN &#8230;<\/strong><br \/>\nDie Ausstellung ist anschlie\u00dfend vom 17. September bis zum 17. Oktober 2015 in den R\u00e4umlichkeiten der Galerie ARTHERB, Schwarzadlergasse 4, 35578 Wetzlar zu besichtigen.<\/p>\n","protected":false},"excerpt":{"rendered":"<p>Kunst in Licher Scheunen &#8211; Besondere R\u00e4ume f\u00fcr besondere Kunst Zwei Tage lang zeigen K\u00fcnstler und Galerien ihre Werke zum \u201eTag des offenen Denkmals\u201c an ungew\u00f6hnlichen Orten. Samstag, 12. Sept. 2015, 11-20 Uhr Sonntag, 13. Sept. 2015, 11-18 Uhr In &hellip; <a href=\"https:\/\/galerie-am-dom-news.de\/index.php\/persis-eisenbeis-und-christiane-erdmann-zu-kunst-in-licher-scheunen-2015\/\">Weiterlesen <span class=\"meta-nav\">&rarr;<\/span><\/a><\/p>\n","protected":false},"author":2,"featured_media":0,"comment_status":"closed","ping_status":"closed","sticky":false,"template":"","format":"standard","meta":{"footnotes":""},"categories":[1,3],"tags":[213],"class_list":["post-541","post","type-post","status-publish","format-standard","hentry","category-allgemein","category-ausstellungen","tag-ausstellung-kunst-in-licher-scheunen-persis-eisenbeis-gemaelde-holzskulpturen-christiane-erdmann-artherb-galerie-am-dom"],"_links":{"self":[{"href":"https:\/\/galerie-am-dom-news.de\/index.php\/wp-json\/wp\/v2\/posts\/541","targetHints":{"allow":["GET"]}}],"collection":[{"href":"https:\/\/galerie-am-dom-news.de\/index.php\/wp-json\/wp\/v2\/posts"}],"about":[{"href":"https:\/\/galerie-am-dom-news.de\/index.php\/wp-json\/wp\/v2\/types\/post"}],"author":[{"embeddable":true,"href":"https:\/\/galerie-am-dom-news.de\/index.php\/wp-json\/wp\/v2\/users\/2"}],"replies":[{"embeddable":true,"href":"https:\/\/galerie-am-dom-news.de\/index.php\/wp-json\/wp\/v2\/comments?post=541"}],"version-history":[{"count":7,"href":"https:\/\/galerie-am-dom-news.de\/index.php\/wp-json\/wp\/v2\/posts\/541\/revisions"}],"predecessor-version":[{"id":550,"href":"https:\/\/galerie-am-dom-news.de\/index.php\/wp-json\/wp\/v2\/posts\/541\/revisions\/550"}],"wp:attachment":[{"href":"https:\/\/galerie-am-dom-news.de\/index.php\/wp-json\/wp\/v2\/media?parent=541"}],"wp:term":[{"taxonomy":"category","embeddable":true,"href":"https:\/\/galerie-am-dom-news.de\/index.php\/wp-json\/wp\/v2\/categories?post=541"},{"taxonomy":"post_tag","embeddable":true,"href":"https:\/\/galerie-am-dom-news.de\/index.php\/wp-json\/wp\/v2\/tags?post=541"}],"curies":[{"name":"wp","href":"https:\/\/api.w.org\/{rel}","templated":true}]}}