{"id":479,"date":"2014-11-18T09:24:11","date_gmt":"2014-11-18T09:24:11","guid":{"rendered":"http:\/\/www.galerie-am-dom-news.de\/?p=479"},"modified":"2014-11-18T09:24:11","modified_gmt":"2014-11-18T09:24:11","slug":"zero-ausstellung-in-der-galerie-am-dom-giessen","status":"publish","type":"post","link":"https:\/\/galerie-am-dom-news.de\/index.php\/zero-ausstellung-in-der-galerie-am-dom-giessen\/","title":{"rendered":"ZERO \u2013 Ausstellung in der Galerie am Dom Gie\u00dfen"},"content":{"rendered":"<p><strong>Vom 28. November bis zum 31. Dezember 2014 zeigt die Galerie am Dom Gie\u00dfen Grafiken der ZERO K\u00fcnstler <a title=\"Heinz Mack bei Galerie am Dom\" href=\"http:\/\/www.galerie-am-dom.de\/heinz-mack\/\" target=\"_blank\">Heinz Mack<\/a>, <a title=\"Otto Piene bei Galerie am Dom\" href=\"http:\/\/www.galerie-am-dom.de\/otto-piene\/\" target=\"_blank\">Otto Piene<\/a>, <a title=\"G\u00fcnther Uecker bei Galerie am Dom\" href=\"http:\/\/www.galerie-am-dom.de\/guenther-uecker\/\" target=\"_blank\">G\u00fcnther Uecker<\/a><\/strong><\/p>\n<p>Die Vernissage findet am Freitag, dem 28. November 2014, um 19 Uhr in den R\u00e4umen der Galerie am Dom , Plockstra\u00dfe 4, 35390 Gie\u00dfen statt. Die einf\u00fchrenden Worte spricht Hans-Michael Kirstein.<\/p>\n<p>ZERO ist die zurzeit wohl angesagteste K\u00fcnstlergruppe weltweit: Der vision\u00e4re Blick von Heinz Mack, Otto Piene und G\u00fcnther Uecker wird aktuell im Guggenheim-Museum New York in der Ausstellung \u201cCountdown to Tomorrow\u201c gew\u00fcrdigt.<\/p>\n<p>Der Ansturm auf ZERO ist enorm: Es gibt nur wenige Editionen, die innerhalb k\u00fcrzester Zeit vergriffen sind. Zudem ist das Oeuvre von Otto Piene durch dessen pl\u00f6tzlichen Tod in diesem Jahr abgeschlossen.<\/p>\n","protected":false},"excerpt":{"rendered":"<p>Vom 28. November bis zum 31. Dezember 2014 zeigt die Galerie am Dom Gie\u00dfen Grafiken der ZERO K\u00fcnstler Heinz Mack, Otto Piene, G\u00fcnther Uecker Die Vernissage findet am Freitag, dem 28. November 2014, um 19 Uhr in den R\u00e4umen der &hellip; <a href=\"https:\/\/galerie-am-dom-news.de\/index.php\/zero-ausstellung-in-der-galerie-am-dom-giessen\/\">Weiterlesen <span class=\"meta-nav\">&rarr;<\/span><\/a><\/p>\n","protected":false},"author":2,"featured_media":0,"comment_status":"open","ping_status":"closed","sticky":false,"template":"","format":"standard","meta":{"footnotes":""},"categories":[1],"tags":[],"class_list":["post-479","post","type-post","status-publish","format-standard","hentry","category-allgemein"],"_links":{"self":[{"href":"https:\/\/galerie-am-dom-news.de\/index.php\/wp-json\/wp\/v2\/posts\/479","targetHints":{"allow":["GET"]}}],"collection":[{"href":"https:\/\/galerie-am-dom-news.de\/index.php\/wp-json\/wp\/v2\/posts"}],"about":[{"href":"https:\/\/galerie-am-dom-news.de\/index.php\/wp-json\/wp\/v2\/types\/post"}],"author":[{"embeddable":true,"href":"https:\/\/galerie-am-dom-news.de\/index.php\/wp-json\/wp\/v2\/users\/2"}],"replies":[{"embeddable":true,"href":"https:\/\/galerie-am-dom-news.de\/index.php\/wp-json\/wp\/v2\/comments?post=479"}],"version-history":[{"count":2,"href":"https:\/\/galerie-am-dom-news.de\/index.php\/wp-json\/wp\/v2\/posts\/479\/revisions"}],"predecessor-version":[{"id":481,"href":"https:\/\/galerie-am-dom-news.de\/index.php\/wp-json\/wp\/v2\/posts\/479\/revisions\/481"}],"wp:attachment":[{"href":"https:\/\/galerie-am-dom-news.de\/index.php\/wp-json\/wp\/v2\/media?parent=479"}],"wp:term":[{"taxonomy":"category","embeddable":true,"href":"https:\/\/galerie-am-dom-news.de\/index.php\/wp-json\/wp\/v2\/categories?post=479"},{"taxonomy":"post_tag","embeddable":true,"href":"https:\/\/galerie-am-dom-news.de\/index.php\/wp-json\/wp\/v2\/tags?post=479"}],"curies":[{"name":"wp","href":"https:\/\/api.w.org\/{rel}","templated":true}]}}